[{"@context":"https:\/\/schema.org\/","@type":"Article","@id":"https:\/\/www.techis.cz\/mam-rada-auta\/#Article","mainEntityOfPage":"https:\/\/www.techis.cz\/mam-rada-auta\/","headline":"M\u00e1m r\u00e1da auta","name":"M\u00e1m r\u00e1da auta","description":"V\u017edycky jsem cht\u011bla, aby moje auto bylo n\u011b\u010d\u00edm zaj\u00edmav\u00e9. Jenom\u017ee jsem st\u00e1le nemohla p\u0159ij\u00edt na to, co by to tak asi m\u011blo b\u00fdt. A nakonec jsem se rozhodla, \u017ee si nech\u00e1m poradit od sv\u00e9ho kamar\u00e1da, kter\u00fd m\u00e1 svou firmu, kde opravuje auta. A kamar\u00e1d mi \u0159ekl, \u017ee bych si taky mohla nechat nat\u00f3novat skla u [&hellip;]","datePublished":"2022-12-27","dateModified":"2023-06-08","author":{"@type":"Person","@id":"https:\/\/www.techis.cz\/author\/#Person","name":"","url":"https:\/\/www.techis.cz\/author\/","identifier":1,"image":{"@type":"ImageObject","@id":"https:\/\/secure.gravatar.com\/avatar\/2d2764a424a89ac38785df784051989f5c5cb264a2405c7e5d24c1907a83f0fb?s=96&d=mm&r=g","url":"https:\/\/secure.gravatar.com\/avatar\/2d2764a424a89ac38785df784051989f5c5cb264a2405c7e5d24c1907a83f0fb?s=96&d=mm&r=g","height":96,"width":96}},"publisher":{"@type":"Organization","name":"techis.cz","logo":{"@type":"ImageObject","@id":"\/logo.png","url":"\/logo.png","width":600,"height":60}},"image":{"@type":"ImageObject","@id":"https:\/\/www.techis.cz\/wp-content\/uploads\/car-5548242_960_720_4.jpg","url":"https:\/\/www.techis.cz\/wp-content\/uploads\/car-5548242_960_720_4.jpg","height":0,"width":0},"url":"https:\/\/www.techis.cz\/mam-rada-auta\/","about":["Spole\u010dnosti"],"wordCount":450,"articleBody":"        V\u017edycky jsem cht\u011bla, aby moje auto bylo n\u011b\u010d\u00edm zaj\u00edmav\u00e9. Jenom\u017ee jsem st\u00e1le nemohla p\u0159ij\u00edt na to, co by to tak asi m\u011blo b\u00fdt. A nakonec jsem se rozhodla, \u017ee si nech\u00e1m poradit od sv\u00e9ho kamar\u00e1da, kter\u00fd m\u00e1 svou firmu, kde opravuje auta. A kamar\u00e1d mi \u0159ekl, \u017ee bych si taky mohla nechat nat\u00f3novat skla u auta. Abych se v\u00e1m p\u0159iznala, tak o tom nejsem v\u016fbec neuva\u017eovala a \u00fapln\u011b jsem zapomn\u011bla, \u017ee tohle existuje, tak\u017ee jsem si dala dva dny na rozmy\u0161lenou. A \u0159ekla jsem si, \u017ee mo\u017en\u00e1 to bude n\u011bco jin\u00e9ho a bude to n\u011bjak\u00e1 novinka. Tak\u017ee kdy\u017e jsem se pod\u00edvala na webov\u00e9 str\u00e1nky centrocar.cz, tak jsem se dozv\u011bd\u011bla, \u017ee tato firma opravdu d\u011bl\u00e1 kr\u00e1sn\u00e1 t\u00f3novan\u00e1 skla, nav\u00edc se taky nemus\u00edm b\u00e1t, \u017ee by to bylo n\u011bjak nekvalitn\u00ed anebo \u017ee by mi u toho po\u0161kodili sklo u auta.Proto\u017ee tady se pr\u00fd v\u0161echno v\u011bnuje hlavn\u011b tomu, aby v\u0161echno bylo kvalitn\u00ed a aby v\u0161echno odpov\u00eddala v\u0161em standard\u016fm, jak to m\u00e1 b\u00fdt, tak\u017ee jsem si \u0159ekla, \u017ee kdy\u017e chci n\u011bco nov\u00e9ho na aut\u011b, tak nev\u00edm, pro\u010d by to zrovna nemohlo b\u00fdt nat\u00f3novan\u00e9 sklo. Jenom\u017ee logicky, p\u0159edn\u00ed sklo u auta se v\u016fbec t\u00f3novat nesm\u00ed. Tak\u017ee by mn\u011b sta\u010dila opravdu jenom bo\u010dn\u00ed skla. Nav\u00edc to tak\u00e9 vypad\u00e1 v\u00edce elegantn\u011b. A tak nakonec mi do\u0161lo, \u017ee kdy\u017e si vlastn\u011b nech\u00e1m nat\u00f3novat autoskla v Brn\u011b, tak vlastn\u011b taky budu m\u00edt navrch, proto\u017ee m\u016fj b\u00fdval\u00fd partner v\u017edycky tohle cht\u011bl. Jenom\u017ee on nem\u00e1 \u0159idi\u010d\u00e1k \u010d\u00e1stka, tak\u017ee kdy\u017e uvid\u00ed na t\u00f3novan\u00e1 skla u m\u011b, tak bude t\u0159eba zu\u0159it. A o to mi jde. A j\u00e1 se budu tomu sm\u00e1t. J\u00e1 v\u00edm, \u017ee si o m\u011b t\u0159eba mysl\u00edte hodn\u011b \u0161patn\u00e9 v\u011bci. J\u00e1 to ch\u00e1pu, ale kdybyste v\u011bd\u011bli, jak\u00e9 naschv\u00e1ly mi d\u011blal m\u016fj b\u00fdval\u00fd p\u0159\u00edtel, tak byste se asi sm\u00e1li a byli by jste taky zklaman\u00ed. J\u00e1 sama jsem si \u0159ekla, \u017ee se budu v\u011bnovat hlavn\u011b sob\u011b. Proto\u017ee si nech\u00e1m p\u011bkn\u011b upravit auto a to d\u00edky brn\u011bnsk\u00e9mu t\u00f3nov\u00e1n\u00ed skel, kde m\u00e1te i cen\u00edk a to bude hodn\u011b p\u011bkn\u00e9 a designov\u00e9. Design m\u011b hodn\u011b bav\u00ed, tak\u017ee moje auto budu asi moje nov\u00e1 l\u00e1ska.                                                                                                                                                                                                                                                                                                                                                                                           3.9\/5 - (11 votes)        "},{"@context":"https:\/\/schema.org\/","@type":"BreadcrumbList","itemListElement":[{"@type":"ListItem","position":1,"name":"M\u00e1m r\u00e1da auta","item":"https:\/\/www.techis.cz\/mam-rada-auta\/#breadcrumbitem"}]}]